{"id":5760,"date":"2022-05-18T14:54:43","date_gmt":"2022-05-18T14:54:43","guid":{"rendered":"https:\/\/ch.integra-metering.com\/?p=5760"},"modified":"2024-01-09T07:23:33","modified_gmt":"2024-01-09T07:23:33","slug":"aquametro-participe-au-salon-aqua-pro-de-bulle-du-8-au-10-juin-2022","status":"publish","type":"post","link":"https:\/\/ch.integra-metering.com\/fr\/aquametro-participe-au-salon-aqua-pro-de-bulle-du-8-au-10-juin-2022\/","title":{"rendered":"Aquametro participe au salon AQUA PRO de Bulle du 8 au 10 juin 2022"},"content":{"rendered":"\n<p>Rejoignez-nous \u00e0 l&rsquo;AQUA PRO du 8 au 10 juin 2022 et d\u00e9couvrez nos derni\u00e8res solutions IoT pour le secteur de l&rsquo;eau.<\/p>\n\n\n\n<div style=\"height:20px\" aria-hidden=\"true\" class=\"wp-block-spacer\"><\/div>\n\n\n\n<p>Notre \u00e9quipe se fera une joie de vous accueillir au stand #50-37 et de vous pr\u00e9senter notre portefeuille complet de solutions Smart Metering pour l&rsquo;eau. Venez nous rencontrer et discuter de vos projets avec nos \u00e9quipes pr\u00e9sentes sur place. Nous nous r\u00e9jouissons de vous y voir !<\/p>\n\n\n\n<div style=\"height:50px\" aria-hidden=\"true\" class=\"wp-block-spacer\"><\/div>\n\n\n\n<figure class=\"wp-block-image size-large is-resized\"><img loading=\"lazy\" decoding=\"async\" src=\"https:\/\/ch.integra-metering.com\/wp-content\/uploads\/sites\/4\/2022\/05\/aqua-pro-2022-annonce-demi-page-v02.png\" alt=\"\" class=\"wp-image-5765\" width=\"812\" height=\"542\"\/><\/figure>\n\n\n\n<p><\/p>\n","protected":false},"excerpt":{"rendered":"<p>Retrouvez-nous au stand 50-37 de l&rsquo;Espace Gruy\u00e8re et d\u00e9couvrez toutes nous derni\u00e8res innovations IoT pour le secteur de l&rsquo;eau.<\/p>\n","protected":false},"author":16,"featured_media":5761,"comment_status":"closed","ping_status":"open","sticky":false,"template":"","format":"standard","meta":{"_acf_changed":false,"_monsterinsights_skip_tracking":false,"_monsterinsights_sitenote_active":false,"_monsterinsights_sitenote_note":"","_monsterinsights_sitenote_category":0,"footnotes":""},"categories":[10],"tags":[],"class_list":["post-5760","post","type-post","status-publish","format-standard","has-post-thumbnail","hentry","category-non-classifiee"],"acf":[],"yoast_head":"<!-- This site is optimized with the Yoast SEO plugin v24.5 - https:\/\/yoast.com\/wordpress\/plugins\/seo\/ -->\n<title>Aquametro participe au salon AQUA PRO de Bulle du 8 au 10 juin 2022 | INTEGRA Metering AG<\/title>\n<meta name=\"robots\" content=\"index, follow, max-snippet:-1, max-image-preview:large, max-video-preview:-1\" \/>\n<link rel=\"canonical\" href=\"https:\/\/ch.integra-metering.com\/fr\/aquametro-participe-au-salon-aqua-pro-de-bulle-du-8-au-10-juin-2022\/\" \/>\n<meta property=\"og:locale\" content=\"fr_FR\" \/>\n<meta property=\"og:type\" content=\"article\" \/>\n<meta property=\"og:title\" content=\"Aquametro participe au salon AQUA PRO de Bulle du 8 au 10 juin 2022 | INTEGRA Metering AG\" \/>\n<meta property=\"og:description\" content=\"Retrouvez-nous au stand 50-37 de l&#039;Espace Gruy\u00e8re et d\u00e9couvrez toutes nous derni\u00e8res innovations IoT pour le secteur de l&#039;eau.\" \/>\n<meta property=\"og:url\" content=\"https:\/\/ch.integra-metering.com\/fr\/aquametro-participe-au-salon-aqua-pro-de-bulle-du-8-au-10-juin-2022\/\" \/>\n<meta property=\"og:site_name\" content=\"INTEGRA Metering AG\" \/>\n<meta property=\"article:published_time\" content=\"2022-05-18T14:54:43+00:00\" \/>\n<meta property=\"article:modified_time\" content=\"2024-01-09T07:23:33+00:00\" \/>\n<meta property=\"og:image\" content=\"https:\/\/ch.integra-metering.com\/wp-content\/uploads\/sites\/4\/2022\/05\/hero-banner-aqua-pro-2022.png\" \/>\n\t<meta property=\"og:image:width\" content=\"960\" \/>\n\t<meta property=\"og:image:height\" content=\"490\" \/>\n\t<meta property=\"og:image:type\" content=\"image\/png\" \/>\n<meta name=\"author\" content=\"dario\" \/>\n<meta name=\"twitter:card\" content=\"summary_large_image\" \/>\n<meta name=\"twitter:label1\" content=\"\u00c9crit par\" \/>\n\t<meta name=\"twitter:data1\" content=\"dario\" \/>\n\t<meta name=\"twitter:label2\" content=\"Dur\u00e9e de lecture estim\u00e9e\" \/>\n\t<meta name=\"twitter:data2\" content=\"1 minute\" \/>\n<script type=\"application\/ld+json\" class=\"yoast-schema-graph\">{\"@context\":\"https:\/\/schema.org\",\"@graph\":[{\"@type\":\"Article\",\"@id\":\"https:\/\/ch.integra-metering.com\/fr\/aquametro-participe-au-salon-aqua-pro-de-bulle-du-8-au-10-juin-2022\/#article\",\"isPartOf\":{\"@id\":\"https:\/\/ch.integra-metering.com\/fr\/aquametro-participe-au-salon-aqua-pro-de-bulle-du-8-au-10-juin-2022\/\"},\"author\":{\"name\":\"dario\",\"@id\":\"https:\/\/ch.integra-metering.com\/#\/schema\/person\/f4f7ebb016abcf6c83acfdbdd96731b0\"},\"headline\":\"Aquametro participe au salon AQUA PRO de Bulle du 8 au 10 juin 2022\",\"datePublished\":\"2022-05-18T14:54:43+00:00\",\"dateModified\":\"2024-01-09T07:23:33+00:00\",\"mainEntityOfPage\":{\"@id\":\"https:\/\/ch.integra-metering.com\/fr\/aquametro-participe-au-salon-aqua-pro-de-bulle-du-8-au-10-juin-2022\/\"},\"wordCount\":79,\"publisher\":{\"@id\":\"https:\/\/ch.integra-metering.com\/#organization\"},\"image\":{\"@id\":\"https:\/\/ch.integra-metering.com\/fr\/aquametro-participe-au-salon-aqua-pro-de-bulle-du-8-au-10-juin-2022\/#primaryimage\"},\"thumbnailUrl\":\"https:\/\/ch.integra-metering.com\/wp-content\/uploads\/sites\/4\/2022\/05\/hero-banner-aqua-pro-2022.png\",\"articleSection\":[\"Non classifi\u00e9(e)\"],\"inLanguage\":\"fr-FR\"},{\"@type\":\"WebPage\",\"@id\":\"https:\/\/ch.integra-metering.com\/fr\/aquametro-participe-au-salon-aqua-pro-de-bulle-du-8-au-10-juin-2022\/\",\"url\":\"https:\/\/ch.integra-metering.com\/fr\/aquametro-participe-au-salon-aqua-pro-de-bulle-du-8-au-10-juin-2022\/\",\"name\":\"Aquametro participe au salon AQUA PRO de Bulle du 8 au 10 juin 2022 | INTEGRA Metering AG\",\"isPartOf\":{\"@id\":\"https:\/\/ch.integra-metering.com\/#website\"},\"primaryImageOfPage\":{\"@id\":\"https:\/\/ch.integra-metering.com\/fr\/aquametro-participe-au-salon-aqua-pro-de-bulle-du-8-au-10-juin-2022\/#primaryimage\"},\"image\":{\"@id\":\"https:\/\/ch.integra-metering.com\/fr\/aquametro-participe-au-salon-aqua-pro-de-bulle-du-8-au-10-juin-2022\/#primaryimage\"},\"thumbnailUrl\":\"https:\/\/ch.integra-metering.com\/wp-content\/uploads\/sites\/4\/2022\/05\/hero-banner-aqua-pro-2022.png\",\"datePublished\":\"2022-05-18T14:54:43+00:00\",\"dateModified\":\"2024-01-09T07:23:33+00:00\",\"breadcrumb\":{\"@id\":\"https:\/\/ch.integra-metering.com\/fr\/aquametro-participe-au-salon-aqua-pro-de-bulle-du-8-au-10-juin-2022\/#breadcrumb\"},\"inLanguage\":\"fr-FR\",\"potentialAction\":[{\"@type\":\"ReadAction\",\"target\":[\"https:\/\/ch.integra-metering.com\/fr\/aquametro-participe-au-salon-aqua-pro-de-bulle-du-8-au-10-juin-2022\/\"]}]},{\"@type\":\"ImageObject\",\"inLanguage\":\"fr-FR\",\"@id\":\"https:\/\/ch.integra-metering.com\/fr\/aquametro-participe-au-salon-aqua-pro-de-bulle-du-8-au-10-juin-2022\/#primaryimage\",\"url\":\"https:\/\/ch.integra-metering.com\/wp-content\/uploads\/sites\/4\/2022\/05\/hero-banner-aqua-pro-2022.png\",\"contentUrl\":\"https:\/\/ch.integra-metering.com\/wp-content\/uploads\/sites\/4\/2022\/05\/hero-banner-aqua-pro-2022.png\",\"width\":960,\"height\":490},{\"@type\":\"BreadcrumbList\",\"@id\":\"https:\/\/ch.integra-metering.com\/fr\/aquametro-participe-au-salon-aqua-pro-de-bulle-du-8-au-10-juin-2022\/#breadcrumb\",\"itemListElement\":[{\"@type\":\"ListItem\",\"position\":1,\"name\":\"Home\",\"item\":\"https:\/\/ch.integra-metering.com\/fr\/\"},{\"@type\":\"ListItem\",\"position\":2,\"name\":\"Aquametro participe au salon AQUA PRO de Bulle du 8 au 10 juin 2022\"}]},{\"@type\":\"WebSite\",\"@id\":\"https:\/\/ch.integra-metering.com\/#website\",\"url\":\"https:\/\/ch.integra-metering.com\/\",\"name\":\"INTEGRA Metering AG\",\"description\":\"Herzlich willkommen auf der neuen Aquametro Homepage | Bienvenue sur le site Aquametro Suisse\",\"publisher\":{\"@id\":\"https:\/\/ch.integra-metering.com\/#organization\"},\"potentialAction\":[{\"@type\":\"SearchAction\",\"target\":{\"@type\":\"EntryPoint\",\"urlTemplate\":\"https:\/\/ch.integra-metering.com\/?s={search_term_string}\"},\"query-input\":{\"@type\":\"PropertyValueSpecification\",\"valueRequired\":true,\"valueName\":\"search_term_string\"}}],\"inLanguage\":\"fr-FR\"},{\"@type\":\"Organization\",\"@id\":\"https:\/\/ch.integra-metering.com\/#organization\",\"name\":\"INTEGRA Metering AG\",\"url\":\"https:\/\/ch.integra-metering.com\/\",\"logo\":{\"@type\":\"ImageObject\",\"inLanguage\":\"fr-FR\",\"@id\":\"https:\/\/ch.integra-metering.com\/#\/schema\/logo\/image\/\",\"url\":\"https:\/\/ch.integra-metering.com\/wp-content\/uploads\/sites\/4\/2019\/11\/integra-logo-dark.svg\",\"contentUrl\":\"https:\/\/ch.integra-metering.com\/wp-content\/uploads\/sites\/4\/2019\/11\/integra-logo-dark.svg\",\"width\":1,\"height\":1,\"caption\":\"INTEGRA Metering AG\"},\"image\":{\"@id\":\"https:\/\/ch.integra-metering.com\/#\/schema\/logo\/image\/\"},\"sameAs\":[\"https:\/\/ch.linkedin.com\/company\/aquametro-ag\"]},{\"@type\":\"Person\",\"@id\":\"https:\/\/ch.integra-metering.com\/#\/schema\/person\/f4f7ebb016abcf6c83acfdbdd96731b0\",\"name\":\"dario\",\"image\":{\"@type\":\"ImageObject\",\"inLanguage\":\"fr-FR\",\"@id\":\"https:\/\/ch.integra-metering.com\/#\/schema\/person\/image\/\",\"url\":\"https:\/\/secure.gravatar.com\/avatar\/3773b3960f574dc95832b3dc22b70988?s=96&d=mm&r=g\",\"contentUrl\":\"https:\/\/secure.gravatar.com\/avatar\/3773b3960f574dc95832b3dc22b70988?s=96&d=mm&r=g\",\"caption\":\"dario\"},\"url\":\"https:\/\/ch.integra-metering.com\/fr\/author\/dario\/\"}]}<\/script>\n<!-- \/ Yoast SEO plugin. -->","yoast_head_json":{"title":"Aquametro participe au salon AQUA PRO de Bulle du 8 au 10 juin 2022 | INTEGRA Metering AG","robots":{"index":"index","follow":"follow","max-snippet":"max-snippet:-1","max-image-preview":"max-image-preview:large","max-video-preview":"max-video-preview:-1"},"canonical":"https:\/\/ch.integra-metering.com\/fr\/aquametro-participe-au-salon-aqua-pro-de-bulle-du-8-au-10-juin-2022\/","og_locale":"fr_FR","og_type":"article","og_title":"Aquametro participe au salon AQUA PRO de Bulle du 8 au 10 juin 2022 | INTEGRA Metering AG","og_description":"Retrouvez-nous au stand 50-37 de l'Espace Gruy\u00e8re et d\u00e9couvrez toutes nous derni\u00e8res innovations IoT pour le secteur de l'eau.","og_url":"https:\/\/ch.integra-metering.com\/fr\/aquametro-participe-au-salon-aqua-pro-de-bulle-du-8-au-10-juin-2022\/","og_site_name":"INTEGRA Metering AG","article_published_time":"2022-05-18T14:54:43+00:00","article_modified_time":"2024-01-09T07:23:33+00:00","og_image":[{"width":960,"height":490,"url":"https:\/\/ch.integra-metering.com\/wp-content\/uploads\/sites\/4\/2022\/05\/hero-banner-aqua-pro-2022.png","type":"image\/png"}],"author":"dario","twitter_card":"summary_large_image","twitter_misc":{"\u00c9crit par":"dario","Dur\u00e9e de lecture estim\u00e9e":"1 minute"},"schema":{"@context":"https:\/\/schema.org","@graph":[{"@type":"Article","@id":"https:\/\/ch.integra-metering.com\/fr\/aquametro-participe-au-salon-aqua-pro-de-bulle-du-8-au-10-juin-2022\/#article","isPartOf":{"@id":"https:\/\/ch.integra-metering.com\/fr\/aquametro-participe-au-salon-aqua-pro-de-bulle-du-8-au-10-juin-2022\/"},"author":{"name":"dario","@id":"https:\/\/ch.integra-metering.com\/#\/schema\/person\/f4f7ebb016abcf6c83acfdbdd96731b0"},"headline":"Aquametro participe au salon AQUA PRO de Bulle du 8 au 10 juin 2022","datePublished":"2022-05-18T14:54:43+00:00","dateModified":"2024-01-09T07:23:33+00:00","mainEntityOfPage":{"@id":"https:\/\/ch.integra-metering.com\/fr\/aquametro-participe-au-salon-aqua-pro-de-bulle-du-8-au-10-juin-2022\/"},"wordCount":79,"publisher":{"@id":"https:\/\/ch.integra-metering.com\/#organization"},"image":{"@id":"https:\/\/ch.integra-metering.com\/fr\/aquametro-participe-au-salon-aqua-pro-de-bulle-du-8-au-10-juin-2022\/#primaryimage"},"thumbnailUrl":"https:\/\/ch.integra-metering.com\/wp-content\/uploads\/sites\/4\/2022\/05\/hero-banner-aqua-pro-2022.png","articleSection":["Non classifi\u00e9(e)"],"inLanguage":"fr-FR"},{"@type":"WebPage","@id":"https:\/\/ch.integra-metering.com\/fr\/aquametro-participe-au-salon-aqua-pro-de-bulle-du-8-au-10-juin-2022\/","url":"https:\/\/ch.integra-metering.com\/fr\/aquametro-participe-au-salon-aqua-pro-de-bulle-du-8-au-10-juin-2022\/","name":"Aquametro participe au salon AQUA PRO de Bulle du 8 au 10 juin 2022 | INTEGRA Metering AG","isPartOf":{"@id":"https:\/\/ch.integra-metering.com\/#website"},"primaryImageOfPage":{"@id":"https:\/\/ch.integra-metering.com\/fr\/aquametro-participe-au-salon-aqua-pro-de-bulle-du-8-au-10-juin-2022\/#primaryimage"},"image":{"@id":"https:\/\/ch.integra-metering.com\/fr\/aquametro-participe-au-salon-aqua-pro-de-bulle-du-8-au-10-juin-2022\/#primaryimage"},"thumbnailUrl":"https:\/\/ch.integra-metering.com\/wp-content\/uploads\/sites\/4\/2022\/05\/hero-banner-aqua-pro-2022.png","datePublished":"2022-05-18T14:54:43+00:00","dateModified":"2024-01-09T07:23:33+00:00","breadcrumb":{"@id":"https:\/\/ch.integra-metering.com\/fr\/aquametro-participe-au-salon-aqua-pro-de-bulle-du-8-au-10-juin-2022\/#breadcrumb"},"inLanguage":"fr-FR","potentialAction":[{"@type":"ReadAction","target":["https:\/\/ch.integra-metering.com\/fr\/aquametro-participe-au-salon-aqua-pro-de-bulle-du-8-au-10-juin-2022\/"]}]},{"@type":"ImageObject","inLanguage":"fr-FR","@id":"https:\/\/ch.integra-metering.com\/fr\/aquametro-participe-au-salon-aqua-pro-de-bulle-du-8-au-10-juin-2022\/#primaryimage","url":"https:\/\/ch.integra-metering.com\/wp-content\/uploads\/sites\/4\/2022\/05\/hero-banner-aqua-pro-2022.png","contentUrl":"https:\/\/ch.integra-metering.com\/wp-content\/uploads\/sites\/4\/2022\/05\/hero-banner-aqua-pro-2022.png","width":960,"height":490},{"@type":"BreadcrumbList","@id":"https:\/\/ch.integra-metering.com\/fr\/aquametro-participe-au-salon-aqua-pro-de-bulle-du-8-au-10-juin-2022\/#breadcrumb","itemListElement":[{"@type":"ListItem","position":1,"name":"Home","item":"https:\/\/ch.integra-metering.com\/fr\/"},{"@type":"ListItem","position":2,"name":"Aquametro participe au salon AQUA PRO de Bulle du 8 au 10 juin 2022"}]},{"@type":"WebSite","@id":"https:\/\/ch.integra-metering.com\/#website","url":"https:\/\/ch.integra-metering.com\/","name":"INTEGRA Metering AG","description":"Herzlich willkommen auf der neuen Aquametro Homepage | Bienvenue sur le site Aquametro Suisse","publisher":{"@id":"https:\/\/ch.integra-metering.com\/#organization"},"potentialAction":[{"@type":"SearchAction","target":{"@type":"EntryPoint","urlTemplate":"https:\/\/ch.integra-metering.com\/?s={search_term_string}"},"query-input":{"@type":"PropertyValueSpecification","valueRequired":true,"valueName":"search_term_string"}}],"inLanguage":"fr-FR"},{"@type":"Organization","@id":"https:\/\/ch.integra-metering.com\/#organization","name":"INTEGRA Metering AG","url":"https:\/\/ch.integra-metering.com\/","logo":{"@type":"ImageObject","inLanguage":"fr-FR","@id":"https:\/\/ch.integra-metering.com\/#\/schema\/logo\/image\/","url":"https:\/\/ch.integra-metering.com\/wp-content\/uploads\/sites\/4\/2019\/11\/integra-logo-dark.svg","contentUrl":"https:\/\/ch.integra-metering.com\/wp-content\/uploads\/sites\/4\/2019\/11\/integra-logo-dark.svg","width":1,"height":1,"caption":"INTEGRA Metering AG"},"image":{"@id":"https:\/\/ch.integra-metering.com\/#\/schema\/logo\/image\/"},"sameAs":["https:\/\/ch.linkedin.com\/company\/aquametro-ag"]},{"@type":"Person","@id":"https:\/\/ch.integra-metering.com\/#\/schema\/person\/f4f7ebb016abcf6c83acfdbdd96731b0","name":"dario","image":{"@type":"ImageObject","inLanguage":"fr-FR","@id":"https:\/\/ch.integra-metering.com\/#\/schema\/person\/image\/","url":"https:\/\/secure.gravatar.com\/avatar\/3773b3960f574dc95832b3dc22b70988?s=96&d=mm&r=g","contentUrl":"https:\/\/secure.gravatar.com\/avatar\/3773b3960f574dc95832b3dc22b70988?s=96&d=mm&r=g","caption":"dario"},"url":"https:\/\/ch.integra-metering.com\/fr\/author\/dario\/"}]}},"_links":{"self":[{"href":"https:\/\/ch.integra-metering.com\/fr\/wp-json\/wp\/v2\/posts\/5760","targetHints":{"allow":["GET"]}}],"collection":[{"href":"https:\/\/ch.integra-metering.com\/fr\/wp-json\/wp\/v2\/posts"}],"about":[{"href":"https:\/\/ch.integra-metering.com\/fr\/wp-json\/wp\/v2\/types\/post"}],"author":[{"embeddable":true,"href":"https:\/\/ch.integra-metering.com\/fr\/wp-json\/wp\/v2\/users\/16"}],"replies":[{"embeddable":true,"href":"https:\/\/ch.integra-metering.com\/fr\/wp-json\/wp\/v2\/comments?post=5760"}],"version-history":[{"count":4,"href":"https:\/\/ch.integra-metering.com\/fr\/wp-json\/wp\/v2\/posts\/5760\/revisions"}],"predecessor-version":[{"id":7139,"href":"https:\/\/ch.integra-metering.com\/fr\/wp-json\/wp\/v2\/posts\/5760\/revisions\/7139"}],"wp:featuredmedia":[{"embeddable":true,"href":"https:\/\/ch.integra-metering.com\/fr\/wp-json\/wp\/v2\/media\/5761"}],"wp:attachment":[{"href":"https:\/\/ch.integra-metering.com\/fr\/wp-json\/wp\/v2\/media?parent=5760"}],"wp:term":[{"taxonomy":"category","embeddable":true,"href":"https:\/\/ch.integra-metering.com\/fr\/wp-json\/wp\/v2\/categories?post=5760"},{"taxonomy":"post_tag","embeddable":true,"href":"https:\/\/ch.integra-metering.com\/fr\/wp-json\/wp\/v2\/tags?post=5760"}],"curies":[{"name":"wp","href":"https:\/\/api.w.org\/{rel}","templated":true}]}}